{"id":2089,"date":"2026-04-15T09:26:38","date_gmt":"2026-04-15T09:26:38","guid":{"rendered":"https:\/\/www.turismo.eu\/es\/?p=2089"},"modified":"2026-04-15T09:31:05","modified_gmt":"2026-04-15T09:31:05","slug":"playas-de-gran-canaria","status":"publish","type":"post","link":"https:\/\/www.turismo.eu\/es\/islas-canarias\/gran-canaria\/playas-de-gran-canaria","title":{"rendered":"Las playas m\u00e1s bonitas de Gran Canaria: gu\u00eda por zona y tipo de mar"},"content":{"rendered":"\n<p><a href=\"https:\/\/www.turismo.eu\/es\/islas-canarias\/gran-canaria\" type=\"page\" id=\"1759\">Gran Canaria<\/a> tiene una costa muy variada. El sur es la zona m\u00e1s soleada y organizada, con largas playas de arena y aguas tranquilas. El norte y el este tienen un car\u00e1cter m\u00e1s salvaje, con calas rocosas y olas m\u00e1s fuertes. Las Palmas, la capital, tiene una de las playas urbanas m\u00e1s grandes de Europa.<\/p>\n\n\n\n<p>Conocer las diferencias ayuda a elegir seg\u00fan el tipo de experiencia que se busca.<\/p>\n\n\n\n<h2 class=\"wp-block-heading\"><strong>El sur: dunas, arena dorada y servicios completos<\/strong><\/h2>\n\n\n\n<p>El sur es la zona m\u00e1s tur\u00edstica y la que tiene el clima m\u00e1s estable. Las playas son amplias, la arena es clara y los servicios son completos. Es la opci\u00f3n m\u00e1s adecuada para quien busca sol garantizado y comodidad.<\/p>\n\n\n\n<h3 class=\"wp-block-heading\"><strong>Playa de Maspalomas<\/strong><\/h3>\n\n\n\n<figure class=\"wp-block-image size-large\"><img fetchpriority=\"high\" decoding=\"async\" width=\"1024\" height=\"560\" src=\"https:\/\/www.turismo.eu\/es\/wp-content\/uploads\/2026\/04\/canarie-gran-canaria-maspalomas-2-1024x560.webp\" alt=\"\" class=\"wp-image-2097\" srcset=\"https:\/\/www.turismo.eu\/es\/wp-content\/uploads\/2026\/04\/canarie-gran-canaria-maspalomas-2-1024x560.webp 1024w, https:\/\/www.turismo.eu\/es\/wp-content\/uploads\/2026\/04\/canarie-gran-canaria-maspalomas-2-300x164.webp 300w, https:\/\/www.turismo.eu\/es\/wp-content\/uploads\/2026\/04\/canarie-gran-canaria-maspalomas-2-768x420.webp 768w, https:\/\/www.turismo.eu\/es\/wp-content\/uploads\/2026\/04\/canarie-gran-canaria-maspalomas-2.webp 1280w\" sizes=\"(max-width: 1024px) 100vw, 1024px\" \/><\/figure>\n\n\n\n<p>Es la playa m\u00e1s famosa de la isla y una de las m\u00e1s espectaculares de Canarias. Se extiende durante casi tres kil\u00f3metros al pie de las dunas de <a href=\"https:\/\/www.turismo.eu\/es\/islas-canarias\/gran-canaria\/maspalomas-las-dunas-de-gran-canaria\" type=\"post\" id=\"1802\">Maspalomas<\/a> \u2014 un sistema dunar de arena dorada que forma un paisaje casi des\u00e9rtico. <\/p>\n\n\n\n<p>El acceso desde el lado de las dunas es m\u00e1s salvaje, mientras que el lado hacia Playa del Ingl\u00e9s est\u00e1 m\u00e1s equipado. Las corrientes pueden ser fuertes en algunos puntos \u2014 conviene tener cuidado.<\/p>\n\n\n\n<h3 class=\"wp-block-heading\"><strong>Playa del Ingl\u00e9s<\/strong><\/h3>\n\n\n\n<p>Adyacente a Maspalomas, es la playa del principal polo tur\u00edstico del sur. Larga, arenosa, con todos los servicios y una animaci\u00f3n constante. Es la elecci\u00f3n para quien quiere movimiento, deportes acu\u00e1ticos e infraestructuras a mano.<\/p>\n\n\n\n<h3 class=\"wp-block-heading\"><strong>Playa de Amadores<\/strong><\/h3>\n\n\n\n<figure class=\"wp-block-image size-large\"><img decoding=\"async\" width=\"1024\" height=\"560\" src=\"https:\/\/www.turismo.eu\/es\/wp-content\/uploads\/2026\/04\/canarie-gran-canaria-amadores-2-1024x560.webp\" alt=\"\" class=\"wp-image-2099\" srcset=\"https:\/\/www.turismo.eu\/es\/wp-content\/uploads\/2026\/04\/canarie-gran-canaria-amadores-2-1024x560.webp 1024w, https:\/\/www.turismo.eu\/es\/wp-content\/uploads\/2026\/04\/canarie-gran-canaria-amadores-2-300x164.webp 300w, https:\/\/www.turismo.eu\/es\/wp-content\/uploads\/2026\/04\/canarie-gran-canaria-amadores-2-768x420.webp 768w, https:\/\/www.turismo.eu\/es\/wp-content\/uploads\/2026\/04\/canarie-gran-canaria-amadores-2.webp 1280w\" sizes=\"(max-width: 1024px) 100vw, 1024px\" \/><\/figure>\n\n\n\n<p>Cerca de Puerto Rico, es una de las playas m\u00e1s cuidadas del sur. La arena es importada de Marruecos, las aguas son tranquilas gracias a una barrera natural y el entorno es ordenado. La frecuenta quien busca confort en un ambiente tranquilo.<\/p>\n\n\n\n<h3 class=\"wp-block-heading\"><strong>Playa de Puerto Rico<\/strong><\/h3>\n\n\n\n<p>Una bah\u00eda resguardada con aguas casi siempre tranquilas. Es una de las m\u00e1s adecuadas para familias con ni\u00f1os peque\u00f1os por la tranquilidad del mar y la presencia de servicios. <\/p>\n\n\n\n<p>El sol incide casi todo el d\u00eda gracias a la conformaci\u00f3n de la bah\u00eda.<\/p>\n\n\n\n<h2 class=\"wp-block-heading\"><strong>La costa oeste: calas y aguas cristalinas<\/strong><\/h2>\n\n\n\n<p>Entre Puerto Rico y Mog\u00e1n la costa se vuelve m\u00e1s recortada, con calas m\u00e1s peque\u00f1as y aguas generalmente limpias.<\/p>\n\n\n\n<h3 class=\"wp-block-heading\"><strong>Playa de Mog\u00e1n<\/strong><\/h3>\n\n\n\n<figure class=\"wp-block-image size-large\"><img decoding=\"async\" width=\"1024\" height=\"576\" src=\"https:\/\/www.turismo.eu\/es\/wp-content\/uploads\/2026\/04\/grancanaria-mogan-1024x576.jpg\" alt=\"Mog\u00e1n, gran canaria\" class=\"wp-image-1556\" srcset=\"https:\/\/www.turismo.eu\/es\/wp-content\/uploads\/2026\/04\/grancanaria-mogan-1024x576.jpg 1024w, https:\/\/www.turismo.eu\/es\/wp-content\/uploads\/2026\/04\/grancanaria-mogan-300x169.jpg 300w, https:\/\/www.turismo.eu\/es\/wp-content\/uploads\/2026\/04\/grancanaria-mogan-768x432.jpg 768w, https:\/\/www.turismo.eu\/es\/wp-content\/uploads\/2026\/04\/grancanaria-mogan.jpg 1200w\" sizes=\"(max-width: 1024px) 100vw, 1024px\" \/><\/figure>\n\n\n\n<p>En el peque\u00f1o puerto de Puerto de Mog\u00e1n, es una playa recogida con arena dorada y aguas tranquilas. El entorno es agradable \u2014 el puerto con sus canales tiene una atm\u00f3sfera distinta al resto del sur tur\u00edstico. <\/p>\n\n\n\n<p>Est\u00e1 menos masificada que las playas principales.<\/p>\n\n\n\n<h2 class=\"wp-block-heading\"><strong>Las Palmas: la playa urbana<\/strong><\/h2>\n\n\n\n<h3 class=\"wp-block-heading\"><strong>Playa de Las Canteras<\/strong><\/h3>\n\n\n\n<figure class=\"wp-block-image size-large\"><img loading=\"lazy\" decoding=\"async\" width=\"1024\" height=\"560\" src=\"https:\/\/www.turismo.eu\/es\/wp-content\/uploads\/2026\/04\/canarie-gran-canaria-playa-canteras-1024x560.webp\" alt=\"\" class=\"wp-image-2100\" srcset=\"https:\/\/www.turismo.eu\/es\/wp-content\/uploads\/2026\/04\/canarie-gran-canaria-playa-canteras-1024x560.webp 1024w, https:\/\/www.turismo.eu\/es\/wp-content\/uploads\/2026\/04\/canarie-gran-canaria-playa-canteras-300x164.webp 300w, https:\/\/www.turismo.eu\/es\/wp-content\/uploads\/2026\/04\/canarie-gran-canaria-playa-canteras-768x420.webp 768w, https:\/\/www.turismo.eu\/es\/wp-content\/uploads\/2026\/04\/canarie-gran-canaria-playa-canteras.webp 1280w\" sizes=\"(max-width: 1024px) 100vw, 1024px\" \/><\/figure>\n\n\n\n<p>Es una de las playas urbanas m\u00e1s grandes de Europa y se encuentra en el coraz\u00f3n de Las Palmas. Se extiende durante casi tres kil\u00f3metros a lo largo del paseo mar\u00edtimo de la ciudad. Una barrera rocosa natural \u2014 La Barra \u2014 protege gran parte de la playa de las olas, creando una zona de ba\u00f1o segura y tranquila. La frecuentan todo el a\u00f1o los residentes y los visitantes de la capital. El ambiente es el de una playa urbana de verdad, muy diferente a las playas tur\u00edsticas del sur.<\/p>\n\n\n\n<h2 class=\"wp-block-heading\"><strong>El norte y el este: playas salvajes<\/strong><\/h2>\n\n\n\n<p>El norte y el este de la isla tienen un car\u00e1cter m\u00e1s agreste. Las playas son a menudo de arena oscura o guijarros, expuestas al viento y a las olas. No son aptas para el descanso cl\u00e1sico pero ofrecen paisajes menos frecuentados.<\/p>\n\n\n\n<h3 class=\"wp-block-heading\"><strong>Playa de Las Nieves<\/strong><\/h3>\n\n\n\n<figure class=\"wp-block-image size-large\"><img loading=\"lazy\" decoding=\"async\" width=\"1024\" height=\"560\" src=\"https:\/\/www.turismo.eu\/es\/wp-content\/uploads\/2026\/04\/canarie-gran-canaria-agaete-1024x560.webp\" alt=\"\" class=\"wp-image-2101\" srcset=\"https:\/\/www.turismo.eu\/es\/wp-content\/uploads\/2026\/04\/canarie-gran-canaria-agaete-1024x560.webp 1024w, https:\/\/www.turismo.eu\/es\/wp-content\/uploads\/2026\/04\/canarie-gran-canaria-agaete-300x164.webp 300w, https:\/\/www.turismo.eu\/es\/wp-content\/uploads\/2026\/04\/canarie-gran-canaria-agaete-768x420.webp 768w, https:\/\/www.turismo.eu\/es\/wp-content\/uploads\/2026\/04\/canarie-gran-canaria-agaete.webp 1280w\" sizes=\"(max-width: 1024px) 100vw, 1024px\" \/><\/figure>\n\n\n\n<p>Cerca de Agaete, en el versante noroeste, es una peque\u00f1a playa de guijarros negros en un entorno muy diferente al sur. Las aguas pueden estar agitadas pero el paisaje es sugerente, con las monta\u00f1as que descienden hasta el mar. <\/p>\n\n\n\n<p>Es una playa de car\u00e1cter local \u2014 se puede saltar desde el muelle y el ambiente es el de un pueblo de pescadores, lejos de los circuitos tur\u00edsticos.<\/p>\n\n\n\n<h2 class=\"wp-block-heading\"><strong>Lo que conviene saber antes de elegir<\/strong><\/h2>\n\n\n\n<p>La arena clara de las playas del sur no siempre es natural \u2014 la de Amadores es importada de Marruecos, y parte de la de Maspalomas es de origen sahariano. <\/p>\n\n\n\n<p>El clima del sur es m\u00e1s seco y soleado que el del norte, donde las nubes son m\u00e1s frecuentes. Las corrientes en Maspalomas pueden ser fuertes \u2014 las se\u00f1ales de aviso deben respetarse.<\/p>\n","protected":false},"excerpt":{"rendered":"<p>Gran Canaria tiene una costa muy variada. El sur es la zona m\u00e1s soleada y organizada, con largas playas de arena y aguas tranquilas. El norte y el este tienen un car\u00e1cter m\u00e1s salvaje, con calas rocosas y olas m\u00e1s fuertes. Las Palmas, la capital, tiene una de las playas urbanas m\u00e1s grandes de Europa. [&hellip;]<\/p>\n","protected":false},"author":1,"featured_media":1516,"comment_status":"closed","ping_status":"closed","sticky":false,"template":"","format":"standard","meta":{"_eb_attr":"","advgb_blocks_editor_width":"","advgb_blocks_columns_visual_guide":"","footnotes":""},"categories":[82],"tags":[81],"class_list":["post-2089","post","type-post","status-publish","format-standard","has-post-thumbnail","hentry","category-gran-canaria","tag-gran-canaria"],"yoast_head":"<!-- This site is optimized with the Yoast SEO plugin v27.5 - https:\/\/yoast.com\/product\/yoast-seo-wordpress\/ -->\n<title>Playas de Gran Canaria: gu\u00eda por zona y tipo de mar - Turismo.eu<\/title>\n<meta name=\"description\" content=\"Gu\u00eda de las playas de Gran Canaria por zona y tipo de mar. De las dunas de Maspalomas a Las Canteras, Mog\u00e1n y Amadores.\" \/>\n<meta name=\"robots\" content=\"index, follow, max-snippet:-1, max-image-preview:large, max-video-preview:-1\" \/>\n<link rel=\"canonical\" href=\"https:\/\/www.turismo.eu\/es\/islas-canarias\/gran-canaria\/playas-de-gran-canaria\" \/>\n<meta property=\"og:locale\" content=\"es_ES\" \/>\n<meta property=\"og:type\" content=\"article\" \/>\n<meta property=\"og:title\" content=\"Playas de Gran Canaria: gu\u00eda por zona y tipo de mar - Turismo.eu\" \/>\n<meta property=\"og:description\" content=\"Gu\u00eda de las playas de Gran Canaria por zona y tipo de mar. De las dunas de Maspalomas a Las Canteras, Mog\u00e1n y Amadores.\" \/>\n<meta property=\"og:url\" content=\"https:\/\/www.turismo.eu\/es\/islas-canarias\/gran-canaria\/playas-de-gran-canaria\" \/>\n<meta property=\"og:site_name\" content=\"Turismo.eu\" \/>\n<meta property=\"article:publisher\" content=\"https:\/\/www.facebook.com\/turismoeu\" \/>\n<meta property=\"article:published_time\" content=\"2026-04-15T09:26:38+00:00\" \/>\n<meta property=\"article:modified_time\" content=\"2026-04-15T09:31:05+00:00\" \/>\n<meta property=\"og:image\" content=\"https:\/\/www.turismo.eu\/es\/wp-content\/uploads\/2026\/04\/canarie-gran-canaria-amadores.jpg\" \/>\n\t<meta property=\"og:image:width\" content=\"1280\" \/>\n\t<meta property=\"og:image:height\" content=\"700\" \/>\n\t<meta property=\"og:image:type\" content=\"image\/jpeg\" \/>\n<meta name=\"author\" content=\"Stefania\" \/>\n<meta name=\"twitter:card\" content=\"summary_large_image\" \/>\n<meta name=\"twitter:label1\" content=\"Escrito por\" \/>\n\t<meta name=\"twitter:data1\" content=\"Stefania\" \/>\n\t<meta name=\"twitter:label2\" content=\"Tiempo de lectura\" \/>\n\t<meta name=\"twitter:data2\" content=\"5 minutos\" \/>\n<script type=\"application\/ld+json\" class=\"yoast-schema-graph\">{\"@context\":\"https:\\\/\\\/schema.org\",\"@graph\":[{\"@type\":\"Article\",\"@id\":\"https:\\\/\\\/www.turismo.eu\\\/es\\\/islas-canarias\\\/gran-canaria\\\/playas-de-gran-canaria#article\",\"isPartOf\":{\"@id\":\"https:\\\/\\\/www.turismo.eu\\\/es\\\/islas-canarias\\\/gran-canaria\\\/playas-de-gran-canaria\"},\"author\":{\"name\":\"Stefania\",\"@id\":\"https:\\\/\\\/www.turismo.eu\\\/es\\\/#\\\/schema\\\/person\\\/68399d99aef1827cb7f887be855ca9dd\"},\"headline\":\"Las playas m\u00e1s bonitas de Gran Canaria: gu\u00eda por zona y tipo de mar\",\"datePublished\":\"2026-04-15T09:26:38+00:00\",\"dateModified\":\"2026-04-15T09:31:05+00:00\",\"mainEntityOfPage\":{\"@id\":\"https:\\\/\\\/www.turismo.eu\\\/es\\\/islas-canarias\\\/gran-canaria\\\/playas-de-gran-canaria\"},\"wordCount\":753,\"publisher\":{\"@id\":\"https:\\\/\\\/www.turismo.eu\\\/es\\\/#organization\"},\"image\":{\"@id\":\"https:\\\/\\\/www.turismo.eu\\\/es\\\/islas-canarias\\\/gran-canaria\\\/playas-de-gran-canaria#primaryimage\"},\"thumbnailUrl\":\"https:\\\/\\\/www.turismo.eu\\\/es\\\/wp-content\\\/uploads\\\/2026\\\/04\\\/canarie-gran-canaria-amadores.jpg\",\"keywords\":[\"Gran Canaria\"],\"articleSection\":[\"Gran Canaria\"],\"inLanguage\":\"es\"},{\"@type\":\"WebPage\",\"@id\":\"https:\\\/\\\/www.turismo.eu\\\/es\\\/islas-canarias\\\/gran-canaria\\\/playas-de-gran-canaria\",\"url\":\"https:\\\/\\\/www.turismo.eu\\\/es\\\/islas-canarias\\\/gran-canaria\\\/playas-de-gran-canaria\",\"name\":\"Playas de Gran Canaria: gu\u00eda por zona y tipo de mar - Turismo.eu\",\"isPartOf\":{\"@id\":\"https:\\\/\\\/www.turismo.eu\\\/es\\\/#website\"},\"primaryImageOfPage\":{\"@id\":\"https:\\\/\\\/www.turismo.eu\\\/es\\\/islas-canarias\\\/gran-canaria\\\/playas-de-gran-canaria#primaryimage\"},\"image\":{\"@id\":\"https:\\\/\\\/www.turismo.eu\\\/es\\\/islas-canarias\\\/gran-canaria\\\/playas-de-gran-canaria#primaryimage\"},\"thumbnailUrl\":\"https:\\\/\\\/www.turismo.eu\\\/es\\\/wp-content\\\/uploads\\\/2026\\\/04\\\/canarie-gran-canaria-amadores.jpg\",\"datePublished\":\"2026-04-15T09:26:38+00:00\",\"dateModified\":\"2026-04-15T09:31:05+00:00\",\"description\":\"Gu\u00eda de las playas de Gran Canaria por zona y tipo de mar. De las dunas de Maspalomas a Las Canteras, Mog\u00e1n y Amadores.\",\"breadcrumb\":{\"@id\":\"https:\\\/\\\/www.turismo.eu\\\/es\\\/islas-canarias\\\/gran-canaria\\\/playas-de-gran-canaria#breadcrumb\"},\"inLanguage\":\"es\",\"potentialAction\":[{\"@type\":\"ReadAction\",\"target\":[\"https:\\\/\\\/www.turismo.eu\\\/es\\\/islas-canarias\\\/gran-canaria\\\/playas-de-gran-canaria\"]}]},{\"@type\":\"ImageObject\",\"inLanguage\":\"es\",\"@id\":\"https:\\\/\\\/www.turismo.eu\\\/es\\\/islas-canarias\\\/gran-canaria\\\/playas-de-gran-canaria#primaryimage\",\"url\":\"https:\\\/\\\/www.turismo.eu\\\/es\\\/wp-content\\\/uploads\\\/2026\\\/04\\\/canarie-gran-canaria-amadores.jpg\",\"contentUrl\":\"https:\\\/\\\/www.turismo.eu\\\/es\\\/wp-content\\\/uploads\\\/2026\\\/04\\\/canarie-gran-canaria-amadores.jpg\",\"width\":1280,\"height\":700,\"caption\":\"playa amadores, gran canaria\"},{\"@type\":\"BreadcrumbList\",\"@id\":\"https:\\\/\\\/www.turismo.eu\\\/es\\\/islas-canarias\\\/gran-canaria\\\/playas-de-gran-canaria#breadcrumb\",\"itemListElement\":[{\"@type\":\"ListItem\",\"position\":1,\"name\":\"Home\",\"item\":\"https:\\\/\\\/www.turismo.eu\\\/es\\\/\"},{\"@type\":\"ListItem\",\"position\":2,\"name\":\"Las playas m\u00e1s bonitas de Gran Canaria: gu\u00eda por zona y tipo de mar\"}]},{\"@type\":\"WebSite\",\"@id\":\"https:\\\/\\\/www.turismo.eu\\\/es\\\/#website\",\"url\":\"https:\\\/\\\/www.turismo.eu\\\/es\\\/\",\"name\":\"Turismo.eu\",\"description\":\"Viajes y vacaciones\",\"publisher\":{\"@id\":\"https:\\\/\\\/www.turismo.eu\\\/es\\\/#organization\"},\"potentialAction\":[{\"@type\":\"SearchAction\",\"target\":{\"@type\":\"EntryPoint\",\"urlTemplate\":\"https:\\\/\\\/www.turismo.eu\\\/es\\\/?s={search_term_string}\"},\"query-input\":{\"@type\":\"PropertyValueSpecification\",\"valueRequired\":true,\"valueName\":\"search_term_string\"}}],\"inLanguage\":\"es\"},{\"@type\":\"Organization\",\"@id\":\"https:\\\/\\\/www.turismo.eu\\\/es\\\/#organization\",\"name\":\"Turismo.eu\",\"url\":\"https:\\\/\\\/www.turismo.eu\\\/es\\\/\",\"logo\":{\"@type\":\"ImageObject\",\"inLanguage\":\"es\",\"@id\":\"https:\\\/\\\/www.turismo.eu\\\/es\\\/#\\\/schema\\\/logo\\\/image\\\/\",\"url\":\"https:\\\/\\\/www.turismo.eu\\\/es\\\/wp-content\\\/uploads\\\/2023\\\/08\\\/logo2.png\",\"contentUrl\":\"https:\\\/\\\/www.turismo.eu\\\/es\\\/wp-content\\\/uploads\\\/2023\\\/08\\\/logo2.png\",\"width\":2500,\"height\":1000,\"caption\":\"Turismo.eu\"},\"image\":{\"@id\":\"https:\\\/\\\/www.turismo.eu\\\/es\\\/#\\\/schema\\\/logo\\\/image\\\/\"},\"sameAs\":[\"https:\\\/\\\/www.facebook.com\\\/turismoeu\",\"https:\\\/\\\/www.instagram.com\\\/turismoeu\\\/\"]},{\"@type\":\"Person\",\"@id\":\"https:\\\/\\\/www.turismo.eu\\\/es\\\/#\\\/schema\\\/person\\\/68399d99aef1827cb7f887be855ca9dd\",\"name\":\"Stefania\",\"image\":{\"@type\":\"ImageObject\",\"inLanguage\":\"es\",\"@id\":\"https:\\\/\\\/secure.gravatar.com\\\/avatar\\\/971e51be302de6abeee06b7a39d3f8094e6f637f655ee02a9c6f845c4293c8d7?s=96&d=mm&r=g\",\"url\":\"https:\\\/\\\/secure.gravatar.com\\\/avatar\\\/971e51be302de6abeee06b7a39d3f8094e6f637f655ee02a9c6f845c4293c8d7?s=96&d=mm&r=g\",\"contentUrl\":\"https:\\\/\\\/secure.gravatar.com\\\/avatar\\\/971e51be302de6abeee06b7a39d3f8094e6f637f655ee02a9c6f845c4293c8d7?s=96&d=mm&r=g\",\"caption\":\"Stefania\"},\"description\":\"Dise\u00f1adora web profesional, especializada en la creaci\u00f3n de sitios web. Hace muchos a\u00f1os, constru\u00ed este sitio web impulsada por mi pasi\u00f3n por viajar y explorar el mundo, especialmente los lugares donde encuentro la belleza infinita de la naturaleza en todas sus expresiones. Tambi\u00e9n me encargo de la parte editorial de Turismo.eu.\",\"sameAs\":[\"https:\\\/\\\/www.turismo.eu\\\/es\"]}]}<\/script>\n<!-- \/ Yoast SEO plugin. -->","yoast_head_json":{"title":"Playas de Gran Canaria: gu\u00eda por zona y tipo de mar - Turismo.eu","description":"Gu\u00eda de las playas de Gran Canaria por zona y tipo de mar. De las dunas de Maspalomas a Las Canteras, Mog\u00e1n y Amadores.","robots":{"index":"index","follow":"follow","max-snippet":"max-snippet:-1","max-image-preview":"max-image-preview:large","max-video-preview":"max-video-preview:-1"},"canonical":"https:\/\/www.turismo.eu\/es\/islas-canarias\/gran-canaria\/playas-de-gran-canaria","og_locale":"es_ES","og_type":"article","og_title":"Playas de Gran Canaria: gu\u00eda por zona y tipo de mar - Turismo.eu","og_description":"Gu\u00eda de las playas de Gran Canaria por zona y tipo de mar. De las dunas de Maspalomas a Las Canteras, Mog\u00e1n y Amadores.","og_url":"https:\/\/www.turismo.eu\/es\/islas-canarias\/gran-canaria\/playas-de-gran-canaria","og_site_name":"Turismo.eu","article_publisher":"https:\/\/www.facebook.com\/turismoeu","article_published_time":"2026-04-15T09:26:38+00:00","article_modified_time":"2026-04-15T09:31:05+00:00","og_image":[{"width":1280,"height":700,"url":"https:\/\/www.turismo.eu\/es\/wp-content\/uploads\/2026\/04\/canarie-gran-canaria-amadores.jpg","type":"image\/jpeg"}],"author":"Stefania","twitter_card":"summary_large_image","twitter_misc":{"Escrito por":"Stefania","Tiempo de lectura":"5 minutos"},"schema":{"@context":"https:\/\/schema.org","@graph":[{"@type":"Article","@id":"https:\/\/www.turismo.eu\/es\/islas-canarias\/gran-canaria\/playas-de-gran-canaria#article","isPartOf":{"@id":"https:\/\/www.turismo.eu\/es\/islas-canarias\/gran-canaria\/playas-de-gran-canaria"},"author":{"name":"Stefania","@id":"https:\/\/www.turismo.eu\/es\/#\/schema\/person\/68399d99aef1827cb7f887be855ca9dd"},"headline":"Las playas m\u00e1s bonitas de Gran Canaria: gu\u00eda por zona y tipo de mar","datePublished":"2026-04-15T09:26:38+00:00","dateModified":"2026-04-15T09:31:05+00:00","mainEntityOfPage":{"@id":"https:\/\/www.turismo.eu\/es\/islas-canarias\/gran-canaria\/playas-de-gran-canaria"},"wordCount":753,"publisher":{"@id":"https:\/\/www.turismo.eu\/es\/#organization"},"image":{"@id":"https:\/\/www.turismo.eu\/es\/islas-canarias\/gran-canaria\/playas-de-gran-canaria#primaryimage"},"thumbnailUrl":"https:\/\/www.turismo.eu\/es\/wp-content\/uploads\/2026\/04\/canarie-gran-canaria-amadores.jpg","keywords":["Gran Canaria"],"articleSection":["Gran Canaria"],"inLanguage":"es"},{"@type":"WebPage","@id":"https:\/\/www.turismo.eu\/es\/islas-canarias\/gran-canaria\/playas-de-gran-canaria","url":"https:\/\/www.turismo.eu\/es\/islas-canarias\/gran-canaria\/playas-de-gran-canaria","name":"Playas de Gran Canaria: gu\u00eda por zona y tipo de mar - Turismo.eu","isPartOf":{"@id":"https:\/\/www.turismo.eu\/es\/#website"},"primaryImageOfPage":{"@id":"https:\/\/www.turismo.eu\/es\/islas-canarias\/gran-canaria\/playas-de-gran-canaria#primaryimage"},"image":{"@id":"https:\/\/www.turismo.eu\/es\/islas-canarias\/gran-canaria\/playas-de-gran-canaria#primaryimage"},"thumbnailUrl":"https:\/\/www.turismo.eu\/es\/wp-content\/uploads\/2026\/04\/canarie-gran-canaria-amadores.jpg","datePublished":"2026-04-15T09:26:38+00:00","dateModified":"2026-04-15T09:31:05+00:00","description":"Gu\u00eda de las playas de Gran Canaria por zona y tipo de mar. De las dunas de Maspalomas a Las Canteras, Mog\u00e1n y Amadores.","breadcrumb":{"@id":"https:\/\/www.turismo.eu\/es\/islas-canarias\/gran-canaria\/playas-de-gran-canaria#breadcrumb"},"inLanguage":"es","potentialAction":[{"@type":"ReadAction","target":["https:\/\/www.turismo.eu\/es\/islas-canarias\/gran-canaria\/playas-de-gran-canaria"]}]},{"@type":"ImageObject","inLanguage":"es","@id":"https:\/\/www.turismo.eu\/es\/islas-canarias\/gran-canaria\/playas-de-gran-canaria#primaryimage","url":"https:\/\/www.turismo.eu\/es\/wp-content\/uploads\/2026\/04\/canarie-gran-canaria-amadores.jpg","contentUrl":"https:\/\/www.turismo.eu\/es\/wp-content\/uploads\/2026\/04\/canarie-gran-canaria-amadores.jpg","width":1280,"height":700,"caption":"playa amadores, gran canaria"},{"@type":"BreadcrumbList","@id":"https:\/\/www.turismo.eu\/es\/islas-canarias\/gran-canaria\/playas-de-gran-canaria#breadcrumb","itemListElement":[{"@type":"ListItem","position":1,"name":"Home","item":"https:\/\/www.turismo.eu\/es\/"},{"@type":"ListItem","position":2,"name":"Las playas m\u00e1s bonitas de Gran Canaria: gu\u00eda por zona y tipo de mar"}]},{"@type":"WebSite","@id":"https:\/\/www.turismo.eu\/es\/#website","url":"https:\/\/www.turismo.eu\/es\/","name":"Turismo.eu","description":"Viajes y vacaciones","publisher":{"@id":"https:\/\/www.turismo.eu\/es\/#organization"},"potentialAction":[{"@type":"SearchAction","target":{"@type":"EntryPoint","urlTemplate":"https:\/\/www.turismo.eu\/es\/?s={search_term_string}"},"query-input":{"@type":"PropertyValueSpecification","valueRequired":true,"valueName":"search_term_string"}}],"inLanguage":"es"},{"@type":"Organization","@id":"https:\/\/www.turismo.eu\/es\/#organization","name":"Turismo.eu","url":"https:\/\/www.turismo.eu\/es\/","logo":{"@type":"ImageObject","inLanguage":"es","@id":"https:\/\/www.turismo.eu\/es\/#\/schema\/logo\/image\/","url":"https:\/\/www.turismo.eu\/es\/wp-content\/uploads\/2023\/08\/logo2.png","contentUrl":"https:\/\/www.turismo.eu\/es\/wp-content\/uploads\/2023\/08\/logo2.png","width":2500,"height":1000,"caption":"Turismo.eu"},"image":{"@id":"https:\/\/www.turismo.eu\/es\/#\/schema\/logo\/image\/"},"sameAs":["https:\/\/www.facebook.com\/turismoeu","https:\/\/www.instagram.com\/turismoeu\/"]},{"@type":"Person","@id":"https:\/\/www.turismo.eu\/es\/#\/schema\/person\/68399d99aef1827cb7f887be855ca9dd","name":"Stefania","image":{"@type":"ImageObject","inLanguage":"es","@id":"https:\/\/secure.gravatar.com\/avatar\/971e51be302de6abeee06b7a39d3f8094e6f637f655ee02a9c6f845c4293c8d7?s=96&d=mm&r=g","url":"https:\/\/secure.gravatar.com\/avatar\/971e51be302de6abeee06b7a39d3f8094e6f637f655ee02a9c6f845c4293c8d7?s=96&d=mm&r=g","contentUrl":"https:\/\/secure.gravatar.com\/avatar\/971e51be302de6abeee06b7a39d3f8094e6f637f655ee02a9c6f845c4293c8d7?s=96&d=mm&r=g","caption":"Stefania"},"description":"Dise\u00f1adora web profesional, especializada en la creaci\u00f3n de sitios web. Hace muchos a\u00f1os, constru\u00ed este sitio web impulsada por mi pasi\u00f3n por viajar y explorar el mundo, especialmente los lugares donde encuentro la belleza infinita de la naturaleza en todas sus expresiones. Tambi\u00e9n me encargo de la parte editorial de Turismo.eu.","sameAs":["https:\/\/www.turismo.eu\/es"]}]}},"author_meta":{"display_name":"Stefania","author_link":"https:\/\/www.turismo.eu\/es\/author\/ste"},"featured_img":"https:\/\/www.turismo.eu\/es\/wp-content\/uploads\/2026\/04\/canarie-gran-canaria-amadores-300x164.jpg","coauthors":[],"tax_additional":{"categories":{"linked":["<a href=\"https:\/\/www.turismo.eu\/es\/.\/islas-canarias\/gran-canaria\" class=\"advgb-post-tax-term\">Gran Canaria<\/a>"],"unlinked":["<span class=\"advgb-post-tax-term\">Gran Canaria<\/span>"]},"tags":{"linked":["<a href=\"https:\/\/www.turismo.eu\/es\/.\/islas-canarias\/gran-canaria\" class=\"advgb-post-tax-term\">Gran Canaria<\/a>"],"unlinked":["<span class=\"advgb-post-tax-term\">Gran Canaria<\/span>"]}},"comment_count":"0","relative_dates":{"created":"Publicado 2 semanas hace","modified":"Actualizado 2 semanas hace"},"absolute_dates":{"created":"Publicado el abril 15, 2026","modified":"Actualizado el abril 15, 2026"},"absolute_dates_time":{"created":"Publicado el abril 15, 2026 9:26 am","modified":"Actualizado el abril 15, 2026 9:31 am"},"featured_img_caption":"","series_order":"","_links":{"self":[{"href":"https:\/\/www.turismo.eu\/es\/wp-json\/wp\/v2\/posts\/2089","targetHints":{"allow":["GET"]}}],"collection":[{"href":"https:\/\/www.turismo.eu\/es\/wp-json\/wp\/v2\/posts"}],"about":[{"href":"https:\/\/www.turismo.eu\/es\/wp-json\/wp\/v2\/types\/post"}],"author":[{"embeddable":true,"href":"https:\/\/www.turismo.eu\/es\/wp-json\/wp\/v2\/users\/1"}],"replies":[{"embeddable":true,"href":"https:\/\/www.turismo.eu\/es\/wp-json\/wp\/v2\/comments?post=2089"}],"version-history":[{"count":7,"href":"https:\/\/www.turismo.eu\/es\/wp-json\/wp\/v2\/posts\/2089\/revisions"}],"predecessor-version":[{"id":2103,"href":"https:\/\/www.turismo.eu\/es\/wp-json\/wp\/v2\/posts\/2089\/revisions\/2103"}],"wp:featuredmedia":[{"embeddable":true,"href":"https:\/\/www.turismo.eu\/es\/wp-json\/wp\/v2\/media\/1516"}],"wp:attachment":[{"href":"https:\/\/www.turismo.eu\/es\/wp-json\/wp\/v2\/media?parent=2089"}],"wp:term":[{"taxonomy":"category","embeddable":true,"href":"https:\/\/www.turismo.eu\/es\/wp-json\/wp\/v2\/categories?post=2089"},{"taxonomy":"post_tag","embeddable":true,"href":"https:\/\/www.turismo.eu\/es\/wp-json\/wp\/v2\/tags?post=2089"}],"curies":[{"name":"wp","href":"https:\/\/api.w.org\/{rel}","templated":true}]}}